{"id":331,"date":"2014-03-29T21:28:03","date_gmt":"2014-03-29T20:28:03","guid":{"rendered":"http:\/\/www.wedding-photoartelier.com\/happymoments\/?p=331"},"modified":"2014-04-26T11:12:01","modified_gmt":"2014-04-26T10:12:01","slug":"2013-in-numbers","status":"publish","type":"post","link":"http:\/\/www.wedding-photoartelier.com\/happymoments\/2013-in-numbers\/","title":{"rendered":"2013 in numbers"},"content":{"rendered":"<p style=\"text-align: center;\"><a href=\"http:\/\/www.wedding-photoartelier.com\/happymoments\/wp-content\/uploads\/2014\/03\/Wedding_Photographer_Destination_Travel_Facts_Adrian_Hancu_Wedding_Photoartelier_Infografic_Fotograf_International_Nunta_Franta_USA_Australia_Japonia_Romania_Nunta_AGWPJA_Photographe_Strasbourg.jpg\" data-slb-group=\"331\" data-slb-active=\"1\" data-slb-internal=\"0\"><img loading=\"lazy\" decoding=\"async\" class=\"aligncenter size-full wp-image-335\" title=\"Strasbourg Wedding Photographer \/\/ photographe de mariage Alsace\" alt=\"Wedding_Photographer_Destination_Travel_Facts_Adrian_Hancu_Wedding_Photoartelier_Infografic_Fotograf_International_Nunta_Franta_USA_Australia_Japonia_Romania_Nunta_AGWPJA_Photographe_Strasbourg\" src=\"http:\/\/www.wedding-photoartelier.com\/happymoments\/wp-content\/uploads\/2014\/03\/Wedding_Photographer_Destination_Travel_Facts_Adrian_Hancu_Wedding_Photoartelier_Infografic_Fotograf_International_Nunta_Franta_USA_Australia_Japonia_Romania_Nunta_AGWPJA_Photographe_Strasbourg.jpg\" width=\"500\" height=\"859\" srcset=\"http:\/\/www.wedding-photoartelier.com\/happymoments\/wp-content\/uploads\/2014\/03\/Wedding_Photographer_Destination_Travel_Facts_Adrian_Hancu_Wedding_Photoartelier_Infografic_Fotograf_International_Nunta_Franta_USA_Australia_Japonia_Romania_Nunta_AGWPJA_Photographe_Strasbourg.jpg 500w, http:\/\/www.wedding-photoartelier.com\/happymoments\/wp-content\/uploads\/2014\/03\/Wedding_Photographer_Destination_Travel_Facts_Adrian_Hancu_Wedding_Photoartelier_Infografic_Fotograf_International_Nunta_Franta_USA_Australia_Japonia_Romania_Nunta_AGWPJA_Photographe_Strasbourg-349x600.jpg 349w\" sizes=\"auto, (max-width: 500px) 100vw, 500px\" \/><\/a><\/p>\n<p><strong>ENG ||<\/strong>\u00a0<strong>Dear readers,<\/strong><br \/>\nI hereby announce open the Spring season on this wonderful\u00a0wedding photography blog! Winter is long gone and I have many beautiful things to share. And I will start with a less photographic \u2013 but just as interesting \u2013 post.<br \/>\nMany of you know that I lovingly take care of another photography blog dedicated to the celebration of beauty and curiosity (for newcomers see here\u00a0<a href=\"http:\/\/www.hancu.com\/dailyblog\" target=\"_blank\">www.hancu.com\/dailyblog<\/a>). And one week ago, I got an email from a future bride who was and is a big fan of this second blog. Amidst the information about the castle where the wedding will take place, the worries that it might rain, questions about photos, she asked me why I would not put some \u201ccurious\u201d data on the wedding blog also. What a great idea, I said and thought \u201cWhat would I write about?\u201d<br \/>\nYesterday, in a spare moment I started writing ideas. Countries visited as a wedding photographer? Noooo, it&#8217;s too simple. Number of photos taken? Nooo, it&#8217;s so unrepresentative. And so on for another three ideas which were immediately deleted from Google Keep. In the evening I started to plan the itinerary for a wonderful wedding in November 2014 and suddenly, a large blue semitransparent bulb appeared above my head. Wow ! I will write about distances!<br \/>\nMany know that since 2010 I don&#8217;t leave the house without my pedometer and some apps on the phone or on the bike always measure other interesting data. Therefore, my dear readers, as you might have guessed, the numbers above show the distance I traveled by various ways of transportation to reach weddings in 2013 (I emphasize, ONLY weddings). I don\u2019t know what the margin of error is, but distances are calculated according to my 2013 events agenda, Google Maps and the speedometer on my bike.<br \/>\nI was very surprised to see the figures. In particular the distances traveled by plane and speed-train. I admit, the most pleasant was to travel by bike. Especially that it was a damn fine early autumn day. It was a bit difficult (due to the light set attached to the handlebars; I don\u2019t have a bag in the back) but was very interesting. As for the balloon&#8230; well, ballooning over Paris was not meant to be. But I&#8217;m sure this year I will make up for it! Of course, more details to come.<br \/>\nMy dear brides and grooms of 2013 \u2014\u00a0million thanks for these thousands of kilometers! Dear couples of 2014 may you enjoy the preparations and have a lot of happy moments!<br \/>\nBefore wishing you a wonderful weekend, I kindly remind you that bookings for 2014 and 2015 are (still) open. If you are to get married or simply want to celebrate the love you share, I am looking forward to receiving your e-mail or phone call : )<br \/>\n<span style=\"color: #000080;\"><strong>Thank you for your likes or shares. Have a great weekend !<\/strong><\/span><\/p>\n<p><span style=\"color: #ff0000;\">\/\\\/\\\/\\\/\\\/\\\/\\\/\\\/\\\/\\\/\\\/\\\/<\/span><\/p>\n<div>\n<p><strong>RO || Dragi cititori,<\/strong><br \/>\nAnun\u0163 deschiderea sezonului de prim\u0103var\u0103 pe acest minunat blog dedicat fotografiei de nunt\u0103!<br \/>\n<span style=\"line-height: 1.5em;\">Iarna e demult plecat\u0103 \u015fi am multe lucruri frumoase de \u00eemp\u0103rt\u0103\u015fit. \u015ei voi \u00eencepe cu o postare mai pu\u0163in fotografic\u0103 dar, cu siguran\u0163\u0103, la fel de interesant\u0103.<br \/>\n<\/span><span style=\"line-height: 1.5em;\">Mul\u0163i \u015ftiu c\u0103 am grij\u0103 \u015fi de un alt blog dedicat frumosului \u015fi curiosului (pentru cei noi intra\u0163i aici\u00a0<\/span><a style=\"line-height: 1.5em;\" href=\"http:\/\/www.hancu.com\/dailyblog\" target=\"_blank\">www.hancu.com\/dailyblog<\/a><span style=\"line-height: 1.5em;\">). \u015ei iat\u0103 c\u0103 acum o s\u0103pt\u0103m\u00e2n\u0103 primesc un mail de la o viitoare mireas\u0103 care a fost \u015fi este o mare admiratoare a blogului despre care am scris mai sus. Dintr-o vorb\u0103 \u00een alta, despre castelul unde urmeaz\u0103 s\u0103 aib\u0103 loc nunta, despre grija c\u0103 ar putea s\u0103 plou\u0103, despre fotografii \u00a0etc., ea m-a \u00eentrebat de ce nu a\u015f pune ni\u015fte date &#8220;din astea interesante&#8221; \u015fi pe blogul de nun\u0163i. Mi-a p\u0103rut o idee genial\u0103 \u015fi tot atunci m-am \u00eentrebat \u2014\u00a0despre ce oare s\u0103 scriu?<br \/>\n<\/span><span style=\"line-height: 1.5em;\">Ieri, prinz\u00e2nd o clip\u0103 liber\u0103 am \u00eenceput s\u0103 scriu idei. \u0162\u0103ri vizitate ca \u015fi fotograf de nunt\u0103? Noooo, e prea simplu. Num\u0103rul de fotografii f\u0103cute? Nooo, e at\u00e2t de nereprezentativ. \u015ei tot a\u015fa \u00eenc\u0103 vreo trei idei care au fost imediat deletate din Google Keep. Spre sear\u0103 am \u00eenceput s\u0103 \u00eemi planific itinerarul pentru o minunat\u0103 nunt\u0103 de la sf\u00e2r\u015fitul lui 2014 \u015fi atunci, deasupra capului meu a ap\u0103rut un mare bec semitransparent de culoare albastr\u0103: Oho! Scriu despre distan\u0163e!<br \/>\n<\/span><span style=\"line-height: 1.5em;\">Mul\u0163i \u015ftiu c\u0103 din 2010 f\u0103r\u0103 pasometrul meu drag nu ies din cas\u0103, iar \u00een telefon \u015fi pe biciclet\u0103 am mereu o aplica\u0163ie \u015fi un dispozitiv care m\u0103soar\u0103 \u015fi alte date interesante. De aceea dragii mei cititori, dup\u0103 cum v-a\u0163i dat seama, datele de mai sus reprezint\u0103 distan\u0163ele parcurse de mine cu diverse moduri de transport pentru a m\u0103 deplasa la nun\u0163ile din 2013 (men\u0163ionez, DOAR nun\u0163ile). Nici nu \u015ftiu care ar fi marja de eroare, distan\u0163ele sunt calculate conform agendei cu evenimentele din 2013, cu ajutorul Google Maps \u015fi, \u00een cazul bicicletei, cu vitezometrul de la ea.<br \/>\n<\/span><span style=\"line-height: 1.5em;\">Am fost foarte mirat s\u0103 v\u0103d aceste cifre. \u00cen special distan\u0163ele parcurse cu avionul \u015fi trenul de mare vitez\u0103. Recunosc, cel mai pl\u0103cut drum l-am f\u0103cut cu bicicleta. Mai ales c\u0103 a fost o zi a naibii de frumoas\u0103 de \u00eenceput de toamn\u0103. A fost cam dificil s\u0103 duc pe ghidon setul de lumini dar foarte interesant. Iar cu balonul&#8230; Eh cu balonul deasupra Parisului nu a fost s\u0103 fie. Dar sunt sigur c\u0103 anul acesta recuperez! O s\u0103 revin desigur cu detalii.<br \/>\n<\/span><span style=\"line-height: 1.5em;\">Dragele mele mirese \u015fi miri din 2013 v\u0103 mul\u0163umesc pentru aceste mii de kilometri parcur\u015fi.<br \/>\n<\/span><span style=\"line-height: 1.5em;\">Mirilor mei dragi din 2014 le urez preg\u0103tiri frumoase \u015fi pline de happy moments!<br \/>\n<\/span><span style=\"line-height: 1.5em;\">\u00cenainte s\u0103 v\u0103 urez un sf\u00e2r\u0219it de s\u0103pt\u0103m\u00e2n\u0103 minunat, v\u0103 amintesc c\u0103 rezerv\u0103rile pentru 2014 \u0219i 2015 sunt deschise (\u00eenc\u0103). Dac\u0103 urmeaz\u0103 s\u0103 v\u0103 c\u0103s\u0103tori\u021bi sau pur \u0219i simplu dori\u021bi s\u0103 s\u0103rb\u0103tori\u021bi dragostea pe care o purta\u021bi, a\u0219tept cu drag email-ul sau telefonul vostru : )<br \/>\n<\/span><span style=\"color: #000080;\"><strong><span style=\"line-height: 1.5em;\">V\u0103 mul\u021bumesc pentru like-ul sau share-ul oferit. S\u0103 ave\u021bi un weekend minunat!<\/span><\/strong><\/span><\/p>\n<\/div>\n","protected":false},"excerpt":{"rendered":"<img loading=\"lazy\" decoding=\"async\" src=\"http:\/\/www.wedding-photoartelier.com\/happymoments\/wp-content\/uploads\/2014\/03\/Wedding_Photographer_Destination_Travel_Facts_Adrian_Hancu_Wedding_Photoartelier_Infografic_Fotograf_International_Nunta_Franta_USA_Australia_Japonia_Romania_Nunta_AGWPJA_Photographe_Strasbourg-60x60.jpg\" width=\"60\" height=\"60\" alt=\"\" title=\"\" \/>","protected":false},"author":1,"featured_media":0,"comment_status":"open","ping_status":"open","sticky":false,"template":"","format":"standard","meta":{"footnotes":""},"categories":[63,50,66,64,67,61],"tags":[34,20,68,69,72,75,74,71,73,70],"class_list":["post-331","post","type-post","status-publish","format-standard","hentry","category-destination-wedding-photographer-2","category-fotograf-nunta-moldova","category-fotografo-di-matrimonio-in-milano","category-miami-wedding-photographer","category-morocco-wedding-photographer","category-strasbourg-photographe-mariage-2","tag-adrian-hancu-wedding-photographer","tag-fotograf-de-nunta","tag-france-wedding-photographer","tag-moldova-wedding-photographer","tag-paris-wedding-photographer","tag-photographe-de-mariage-metz-mulhouse-colmar","tag-photographe-mariage-alsace","tag-statistici-din-calatoriile-unui-fotograf-de-nunta","tag-strasbourg-wedding-photographer","tag-wedding-photographer-travel-stats"],"_links":{"self":[{"href":"http:\/\/www.wedding-photoartelier.com\/happymoments\/wp-json\/wp\/v2\/posts\/331","targetHints":{"allow":["GET"]}}],"collection":[{"href":"http:\/\/www.wedding-photoartelier.com\/happymoments\/wp-json\/wp\/v2\/posts"}],"about":[{"href":"http:\/\/www.wedding-photoartelier.com\/happymoments\/wp-json\/wp\/v2\/types\/post"}],"author":[{"embeddable":true,"href":"http:\/\/www.wedding-photoartelier.com\/happymoments\/wp-json\/wp\/v2\/users\/1"}],"replies":[{"embeddable":true,"href":"http:\/\/www.wedding-photoartelier.com\/happymoments\/wp-json\/wp\/v2\/comments?post=331"}],"version-history":[{"count":16,"href":"http:\/\/www.wedding-photoartelier.com\/happymoments\/wp-json\/wp\/v2\/posts\/331\/revisions"}],"predecessor-version":[{"id":352,"href":"http:\/\/www.wedding-photoartelier.com\/happymoments\/wp-json\/wp\/v2\/posts\/331\/revisions\/352"}],"wp:attachment":[{"href":"http:\/\/www.wedding-photoartelier.com\/happymoments\/wp-json\/wp\/v2\/media?parent=331"}],"wp:term":[{"taxonomy":"category","embeddable":true,"href":"http:\/\/www.wedding-photoartelier.com\/happymoments\/wp-json\/wp\/v2\/categories?post=331"},{"taxonomy":"post_tag","embeddable":true,"href":"http:\/\/www.wedding-photoartelier.com\/happymoments\/wp-json\/wp\/v2\/tags?post=331"}],"curies":[{"name":"wp","href":"https:\/\/api.w.org\/{rel}","templated":true}]}}